{"id":1871,"date":"2023-03-06T12:23:00","date_gmt":"2023-03-06T15:23:00","guid":{"rendered":"https:\/\/tributariaaldia.cl\/?p=1871"},"modified":"2023-06-01T10:55:08","modified_gmt":"2023-06-01T13:55:08","slug":"se-publican-resoluciones-exentas-n-165-y-166-que-califican-de-emergencia-laboral-la-situacion-de-catastrofe-derivada-de-los-incendios-que-han-desolado-las-regiones-de-nuble-biobio-y-region-de","status":"publish","type":"post","link":"https:\/\/tributariaaldia.cl\/?p=1871","title":{"rendered":"Se publican resoluciones que califican de emergencia laboral la situaci\u00f3n de cat\u00e1strofe derivada de incendios"},"content":{"rendered":"\n<p>Con fecha 14 de febrero de 2023, se publica Resoluci\u00f3n exenta N\u00b0 165, que \u201cCalifica de emergencia laboral a la situaci\u00f3n de cat\u00e1strofe derivada de los incendios que han asolado a las regiones de Biob\u00edo y \u00d1uble y autoriza implementaci\u00f3n de l\u00ednea emergencia laboral del programa de formaci\u00f3n en el puesto de trabajo\u201d, y Resoluci\u00f3n exenta N\u00b0 166, que hace lo propio con la Regi\u00f3n de la Araucan\u00eda.<\/p>\n\n\n\n<p>El objeto de dichas resoluciones es la ejecuci\u00f3n de diversos programas y medidas que generen incentivos a los empleadores para que mantengan las fuentes laborales en dichas zonas o que creen nuevas fuentes de trabajo. Al mismo tiempo contempla la Autorizaci\u00f3n de la implementaci\u00f3n de la l\u00ednea &#8220;Emergencia Laboral&#8221; de conformidad con lo establecido en el Decreto N\u00b0 28, de 2011, del Ministerio del Trabajo y Previsi\u00f3n Social, que establece componentes, l\u00edneas de acci\u00f3n, procedimientos, modalidades y mecanismos de control del Programa de Formaci\u00f3n en el Puesto de Trabajo y sus modificaciones, en el territorio.<\/p>\n\n\n\n<p>A continuaci\u00f3n, presentamos el texto completo de las resoluciones mencionadas;<\/p>\n\n\n\n<p><a href=\"https:\/\/www.checkpoint.cl\/maf\/app\/document?&amp;docguid=iD061A7A928C5B6247C462AFE4453AAA4&amp;hitguid=iD061A7A928C5B6247C462AFE4453AAA4&amp;spos=1&amp;epos=1&amp;td=1&amp;ao=o.i0ADFAB86AF526A5181AF66CF7452B055&amp;searchFrom=&amp;savedSearch=false\" target=\"_blank\" rel=\"noreferrer noopener\"><strong><u>Resoluci\u00f3n N\u00b0 165, de 14 de febrero de 2023, del Ministerio del Trabajo y Previsi\u00f3n Social<\/u><\/strong><\/a><\/p>\n\n\n\n<p><a href=\"https:\/\/www.checkpoint.cl\/maf\/app\/document?&amp;docguid=i9E9B96149B390FF694D4B4B29F301469&amp;hitguid=i9E9B96149B390FF694D4B4B29F301469&amp;spos=1&amp;epos=1&amp;td=1&amp;ao=o.i0ADFAB86AF526A5181AF66CF7452B055&amp;searchFrom=&amp;savedSearch=false\" target=\"_blank\" rel=\"noreferrer noopener\"><strong><u>Resoluci\u00f3n N\u00b0 166, de 14 de febrero de 2023, del Ministerio del Trabajo y Previsi\u00f3n Social<\/u><\/strong><\/a><\/p>\n\n\n\n<p>Santiago, 3 de marzo de 2023.<\/p>\n","protected":false},"excerpt":{"rendered":"<p>Con fecha 14 de febrero de 2023, se publica Resoluci\u00f3n exenta N\u00b0 165, que \u201cCalifica de emergencia laboral a la situaci\u00f3n de cat\u00e1strofe derivada de los incendios que han asolado a las regiones [&hellip;]<\/p>\n","protected":false},"author":1,"featured_media":1872,"comment_status":"open","ping_status":"open","sticky":false,"template":"","format":"standard","meta":[],"categories":[26],"tags":[56],"_links":{"self":[{"href":"https:\/\/tributariaaldia.cl\/index.php?rest_route=\/wp\/v2\/posts\/1871"}],"collection":[{"href":"https:\/\/tributariaaldia.cl\/index.php?rest_route=\/wp\/v2\/posts"}],"about":[{"href":"https:\/\/tributariaaldia.cl\/index.php?rest_route=\/wp\/v2\/types\/post"}],"author":[{"embeddable":true,"href":"https:\/\/tributariaaldia.cl\/index.php?rest_route=\/wp\/v2\/users\/1"}],"replies":[{"embeddable":true,"href":"https:\/\/tributariaaldia.cl\/index.php?rest_route=%2Fwp%2Fv2%2Fcomments&post=1871"}],"version-history":[{"count":2,"href":"https:\/\/tributariaaldia.cl\/index.php?rest_route=\/wp\/v2\/posts\/1871\/revisions"}],"predecessor-version":[{"id":2108,"href":"https:\/\/tributariaaldia.cl\/index.php?rest_route=\/wp\/v2\/posts\/1871\/revisions\/2108"}],"wp:featuredmedia":[{"embeddable":true,"href":"https:\/\/tributariaaldia.cl\/index.php?rest_route=\/wp\/v2\/media\/1872"}],"wp:attachment":[{"href":"https:\/\/tributariaaldia.cl\/index.php?rest_route=%2Fwp%2Fv2%2Fmedia&parent=1871"}],"wp:term":[{"taxonomy":"category","embeddable":true,"href":"https:\/\/tributariaaldia.cl\/index.php?rest_route=%2Fwp%2Fv2%2Fcategories&post=1871"},{"taxonomy":"post_tag","embeddable":true,"href":"https:\/\/tributariaaldia.cl\/index.php?rest_route=%2Fwp%2Fv2%2Ftags&post=1871"}],"curies":[{"name":"wp","href":"https:\/\/api.w.org\/{rel}","templated":true}]}}