{"id":1994,"date":"2023-02-07T15:36:00","date_gmt":"2023-02-07T18:36:00","guid":{"rendered":"https:\/\/tributariaaldia.cl\/?p=1994"},"modified":"2023-06-01T11:00:32","modified_gmt":"2023-06-01T14:00:32","slug":"direccion-del-trabajo-ordinario-n-2064-30-11-2022-no-se-ven-inconvenientes-juridicos-para-que-el-documento-que-contenga-la-comunicacion-personal-del-despido-sea-soportado-y-firmado-por-medios","status":"publish","type":"post","link":"https:\/\/tributariaaldia.cl\/?p=1994","title":{"rendered":"Direcci\u00f3n del Trabajo. Es procedente que documento que contienen la comunicaci\u00f3n personal del despido sea soportado y firmado por medios electr\u00f3nicos"},"content":{"rendered":"\n<p>La Direcci\u00f3n del Trabajo, en Ordinario N\u00b0 2064, de 30 de noviembre de 2022, se\u00f1al\u00f3 que \u201cno existen inconvenientes jur\u00eddicos para que el finiquito, la renuncia y el mutuo acuerdo de los contratos de duraci\u00f3n no superior a treinta d\u00edas sean suscritos a trav\u00e9s de medios electr\u00f3nicos\u201d, y por otro lado, que <strong><em><u>\u201cno se ven inconvenientes jur\u00eddicos para que el documento que contenga la comunicaci\u00f3n personal del despido sea soportado y firmado por medios electr\u00f3nicos.\u201d<\/u><\/em><\/strong><\/p>\n\n\n\n<p>Para razonar de esa manera, la Direcci\u00f3n del Trabajo, se\u00f1al\u00f3 en el dictamen mencionado que; \u201cel legislador s\u00f3lo ha se\u00f1alado que el empleador debe comunicar por escrito al dependiente la circunstancia del despido, no restringiendo el soporte o tipo de firma del respectivo documento.<\/p>\n\n\n\n<p>Asimismo, en virtud del citado principio de equivalencia del soporte establecido en el inciso 2\u00b0 del art\u00edculo 1\u00b0 de la Ley N\u00b019.799, no corresponde discriminar entre los documentos soportados en papel y firmados hologr\u00e1ficamente versus aquellos creados y suscritos por medios electr\u00f3nicos.<\/p>\n\n\n\n<p>De este modo, no se ven inconvenientes jur\u00eddicos para que el documento que contenga la comunicaci\u00f3n personal del despido sea soportado y firmado por medios electr\u00f3nicos.<\/p>\n\n\n\n<p>Finalmente, cabe tener presente que la carta enviada al trabajador para informar del despido si debe necesariamente constar en soporte de papel para ser emitida por correo certificado al domicilio del dependiente, de acuerdo con lo dispuesto en el precitado inciso 1\u00b0 del art\u00edculo 162.\u201d (Direcci\u00f3n del Trabajo, en Ordinario N\u00b0 2064, de 30 de noviembre de 2022).<\/p>\n\n\n\n<p><a href=\"https:\/\/www.checkpoint.cl\/maf\/app\/document?&amp;docguid=i0AD76245043CC16F8104772136678368&amp;hitguid=i0AD76245043CC16F8104772136678368&amp;spos=1&amp;epos=1&amp;td=2&amp;ao=o.i0ADFAB86AF526A5181AF66CF7452B055&amp;searchFrom=&amp;savedSearch=false\" target=\"_blank\" rel=\"noreferrer noopener\"><strong><em><u>Ver texto completo Ordinario N\u00b0 2064, de 30 de noviembre de 2022, de la Direcci\u00f3n del Trabajo.<\/u><\/em><\/strong><\/a><\/p>\n\n\n\n<p>Santiago, 7 de febrero de 2023.<\/p>\n","protected":false},"excerpt":{"rendered":"<p>La Direcci\u00f3n del Trabajo, en Ordinario N\u00b0 2064, de 30 de noviembre de 2022, se\u00f1al\u00f3 que \u201cno existen inconvenientes jur\u00eddicos para que el finiquito, la renuncia y el mutuo acuerdo de los contratos [&hellip;]<\/p>\n","protected":false},"author":1,"featured_media":1833,"comment_status":"closed","ping_status":"closed","sticky":false,"template":"","format":"standard","meta":[],"categories":[26],"tags":[44,30],"_links":{"self":[{"href":"https:\/\/tributariaaldia.cl\/index.php?rest_route=\/wp\/v2\/posts\/1994"}],"collection":[{"href":"https:\/\/tributariaaldia.cl\/index.php?rest_route=\/wp\/v2\/posts"}],"about":[{"href":"https:\/\/tributariaaldia.cl\/index.php?rest_route=\/wp\/v2\/types\/post"}],"author":[{"embeddable":true,"href":"https:\/\/tributariaaldia.cl\/index.php?rest_route=\/wp\/v2\/users\/1"}],"replies":[{"embeddable":true,"href":"https:\/\/tributariaaldia.cl\/index.php?rest_route=%2Fwp%2Fv2%2Fcomments&post=1994"}],"version-history":[{"count":2,"href":"https:\/\/tributariaaldia.cl\/index.php?rest_route=\/wp\/v2\/posts\/1994\/revisions"}],"predecessor-version":[{"id":2115,"href":"https:\/\/tributariaaldia.cl\/index.php?rest_route=\/wp\/v2\/posts\/1994\/revisions\/2115"}],"wp:featuredmedia":[{"embeddable":true,"href":"https:\/\/tributariaaldia.cl\/index.php?rest_route=\/wp\/v2\/media\/1833"}],"wp:attachment":[{"href":"https:\/\/tributariaaldia.cl\/index.php?rest_route=%2Fwp%2Fv2%2Fmedia&parent=1994"}],"wp:term":[{"taxonomy":"category","embeddable":true,"href":"https:\/\/tributariaaldia.cl\/index.php?rest_route=%2Fwp%2Fv2%2Fcategories&post=1994"},{"taxonomy":"post_tag","embeddable":true,"href":"https:\/\/tributariaaldia.cl\/index.php?rest_route=%2Fwp%2Fv2%2Ftags&post=1994"}],"curies":[{"name":"wp","href":"https:\/\/api.w.org\/{rel}","templated":true}]}}