{"id":2001,"date":"2023-01-26T15:52:00","date_gmt":"2023-01-26T18:52:00","guid":{"rendered":"https:\/\/tributariaaldia.cl\/?p=2001"},"modified":"2023-05-30T15:53:41","modified_gmt":"2023-05-30T18:53:41","slug":"perdon-de-la-causal-de-despido-en-la-jurisprudencia-judicial-laboral-analisis-de-casos-parte-1","status":"publish","type":"post","link":"https:\/\/tributariaaldia.cl\/?p=2001","title":{"rendered":"Perd\u00f3n de la causal de despido en la jurisprudencia judicial laboral. An\u00e1lisis de casos. Parte 1"},"content":{"rendered":"\n<p>El presente texto efect\u00faa un an\u00e1lisis sobre la doctrina del perd\u00f3n de la causal, partiendo por los fundamentos doctrinarios de la misma, para pasar a un an\u00e1lisis de la jurisprudencia judicial reciente en que se ha dado aplicaci\u00f3n a dicha doctrina. Todo ello con objeto de determinar cu\u00e1les son las condiciones concretas para la aplicaci\u00f3n de la doctrina y cu\u00e1ndo se puede hacer excepci\u00f3n a ella.<\/p>\n\n\n\n<p>En efecto, el perd\u00f3n de la causal de despido supone que el empleador debe reaccionar con inmediatez ante la verificaci\u00f3n de una causal de despido, de manera tal que se puede privar de justificaci\u00f3n a dicho despido, si el empleador no ha ejercido su poder disciplinario en un plazo razonable. As\u00ed entonces, si el empleador deja pasar una determinada cantidad de tiempo, una vez que el trabajador ha incurrido en la causal de despido, crea en el trabajador la leg\u00edtima confianza en que el empleador no usar\u00e1 su poder disciplinario respecto de aquellos hechos.<a id=\"_ftnref1\" href=\"#_ftn1\">[1]<\/a><\/p>\n\n\n\n<p>Para acceder al texto completo de dicho an\u00e1lisis jurisprudencial ingresar al siguiente link;<\/p>\n\n\n\n<p><a href=\"https:\/\/www.checkpoint.cl\/maf\/app\/document?docguid=i2C912874DFF7B499229E793E4643102A&amp;\" target=\"_blank\" rel=\"noreferrer noopener\"><strong><em><u>Perd\u00f3n de la causal de despido en la jurisprudencia judicial laboral. An\u00e1lisis de casos. Parte 1.<\/u><\/em><\/strong><\/a><\/p>\n\n\n\n<p>Santiago, 26 de enero de 2023.<\/p>\n\n\n\n<p><a id=\"_ftn1\" href=\"#_ftnref1\">[1]<\/a> Ra\u00fal Fern\u00e1ndez Toledo (2014). La Inmediatez en el Ejercicio del Poder Disciplinario Empresarial: Perd\u00f3n de la Causal. (Sentencia de la Corte de Apelaciones de Valpara\u00edso, 28 de agosto de 2013, Rol Reforma Laboral N\u00b0 220-2013 Causa \u201cEmpresa ECA Picha S.A. con Yasm\u00edn Tapia Carvajal\u201d). Revista Chilena de Derecho del Trabajo y de la Seguridad Social, 5 (9): 244<\/p>\n","protected":false},"excerpt":{"rendered":"<p>El presente texto efect\u00faa un an\u00e1lisis sobre la doctrina del perd\u00f3n de la causal, partiendo por los fundamentos doctrinarios de la misma, para pasar a un an\u00e1lisis de la jurisprudencia judicial reciente en [&hellip;]<\/p>\n","protected":false},"author":1,"featured_media":1840,"comment_status":"closed","ping_status":"closed","sticky":false,"template":"","format":"standard","meta":[],"categories":[26],"tags":[44],"_links":{"self":[{"href":"https:\/\/tributariaaldia.cl\/index.php?rest_route=\/wp\/v2\/posts\/2001"}],"collection":[{"href":"https:\/\/tributariaaldia.cl\/index.php?rest_route=\/wp\/v2\/posts"}],"about":[{"href":"https:\/\/tributariaaldia.cl\/index.php?rest_route=\/wp\/v2\/types\/post"}],"author":[{"embeddable":true,"href":"https:\/\/tributariaaldia.cl\/index.php?rest_route=\/wp\/v2\/users\/1"}],"replies":[{"embeddable":true,"href":"https:\/\/tributariaaldia.cl\/index.php?rest_route=%2Fwp%2Fv2%2Fcomments&post=2001"}],"version-history":[{"count":1,"href":"https:\/\/tributariaaldia.cl\/index.php?rest_route=\/wp\/v2\/posts\/2001\/revisions"}],"predecessor-version":[{"id":2002,"href":"https:\/\/tributariaaldia.cl\/index.php?rest_route=\/wp\/v2\/posts\/2001\/revisions\/2002"}],"wp:featuredmedia":[{"embeddable":true,"href":"https:\/\/tributariaaldia.cl\/index.php?rest_route=\/wp\/v2\/media\/1840"}],"wp:attachment":[{"href":"https:\/\/tributariaaldia.cl\/index.php?rest_route=%2Fwp%2Fv2%2Fmedia&parent=2001"}],"wp:term":[{"taxonomy":"category","embeddable":true,"href":"https:\/\/tributariaaldia.cl\/index.php?rest_route=%2Fwp%2Fv2%2Fcategories&post=2001"},{"taxonomy":"post_tag","embeddable":true,"href":"https:\/\/tributariaaldia.cl\/index.php?rest_route=%2Fwp%2Fv2%2Ftags&post=2001"}],"curies":[{"name":"wp","href":"https:\/\/api.w.org\/{rel}","templated":true}]}}