{"id":2010,"date":"2023-01-16T16:08:00","date_gmt":"2023-01-16T19:08:00","guid":{"rendered":"https:\/\/tributariaaldia.cl\/?p=2010"},"modified":"2023-06-01T11:00:58","modified_gmt":"2023-06-01T14:00:58","slug":"resoluciones-exentas-ns-15-y-16-de-la-superintendencia-de-pensiones-de-12-de-enero-de-2023-mantiene-los-topes-imponibles-para-cotizaciones-del-sistema-de-afp-salud-accidentes-del-trabajo-y-s","status":"publish","type":"post","link":"https:\/\/tributariaaldia.cl\/?p=2010","title":{"rendered":"Superintendencia de Pensiones mantiene topes imponibles de cotizaciones para el a\u00f1o 2023"},"content":{"rendered":"\n<p>La <a href=\"https:\/\/www.checkpoint.cl\/maf\/app\/document?&amp;docguid=i58E69515C35985C6E1F9784E242F076E&amp;hitguid=i58E69515C35985C6E1F9784E242F076E&amp;spos=1&amp;epos=1&amp;td=1&amp;ao=o.i0ADFAB86AF526A5181AF66CF7452B055&amp;searchFrom=&amp;savedSearch=false\" target=\"_blank\" rel=\"noreferrer noopener\"><strong><em><u>Resoluci\u00f3n exenta N\u00b0 15<\/u><\/em><\/strong><\/a> de la Superintendencia de Pensiones, de 12 de enero de 2023, <strong><em><u>mantiene los topes imponibles para el a\u00f1o 2023, respecto de las cotizaciones del sistema de AFP, Salud, Accidentes del Trabajo en 81,6 Unidades de Fomento<\/u><\/em><\/strong>. Por su parte, la <a href=\"https:\/\/www.checkpoint.cl\/maf\/app\/document?&amp;docguid=i796FE937DAD214CE24966FD70A024E31&amp;hitguid=i796FE937DAD214CE24966FD70A024E31&amp;spos=1&amp;epos=1&amp;td=1&amp;ao=o.i0ADFAB86AF526A5181AF66CF7452B055&amp;searchFrom=&amp;savedSearch=false\" target=\"_blank\" rel=\"noreferrer noopener\"><strong><em><u>Resoluci\u00f3n exenta N\u00b0 16<\/u><\/em><\/strong><\/a> de la Superintendencia de Pensiones, de 12 de enero de 2023, <strong><em><u>mantiene el tope para Seguro de Cesant\u00eda, en 122.6 UF, para el a\u00f1o 2023.<\/u><\/em><\/strong><\/p>\n\n\n\n<p>La Superintendencia de Pensiones, para fundamentar la mantenci\u00f3n de los topes imponibles, \u201cLa legislaci\u00f3n vigente establece que los topes imponibles deben reajustarse anualmente cuando el \u00cdndice de Remuneraciones Reales, que informa el Instituto Nacional de Estad\u00edsticas (INE), registre variaciones positivas entre noviembre del a\u00f1o anteprecedente y noviembre del a\u00f1o precedente respecto del a\u00f1o en que comenzar\u00e1n a aplicarse, mientras que cuando la variaci\u00f3n es negativa los valores deben mantenerse. Esto se encuentra regulado en el art\u00edculo 16 del Decreto Ley N\u00b0 3.500, de 1980, y en el art\u00edculo 6\u00b0 de la Ley N\u00b0 19.728 que establece el Seguro de Desempleo.<\/p>\n\n\n\n<p>De acuerdo a lo publicado por el INE en su sitio web y lo informado por la misma entidad a la Superintendencia de Pensiones mediante Oficio Ordinario N\u00b0 21, de 5 de enero de 2023, durante el periodo noviembre 2021-noviembre 2022 el \u00cdndice de Remuneraciones Reales fue de -2,3%.<\/p>\n\n\n\n<p>Con todo, seg\u00fan la Pol\u00edtica de Rectificaci\u00f3n de Cifras de la Encuesta Mensual de Remuneraciones y Costo de la Mano de Obra del INE, vigente desde noviembre de 2018, el \u00cdndice de Remuneraciones Reales publicado en cada mes de referencia tendr\u00e1 un car\u00e1cter provisional y ser\u00e1 actualizado en el mes siguiente, quedando en ese momento como definitivo.\u201d [ver <a href=\"https:\/\/www.spensiones.cl\/portal\/institucional\/594\/w3-article-15486.html\" target=\"_blank\" rel=\"noreferrer noopener\"><strong><em><u>https:\/\/www.spensiones.cl\/portal\/institucional\/594\/w3-article-15486.html<\/u><\/em><\/strong><\/a>, \u00faltimo acceso al 12 de enero de 2023].<\/p>\n\n\n\n<p>Santiago, 16 de enero de 2023.<\/p>\n","protected":false},"excerpt":{"rendered":"<p>La Resoluci\u00f3n exenta N\u00b0 15 de la Superintendencia de Pensiones, de 12 de enero de 2023, mantiene los topes imponibles para el a\u00f1o 2023, respecto de las cotizaciones del sistema de AFP, Salud, [&hellip;]<\/p>\n","protected":false},"author":1,"featured_media":1798,"comment_status":"closed","ping_status":"closed","sticky":false,"template":"","format":"standard","meta":[],"categories":[26],"tags":[38,37],"_links":{"self":[{"href":"https:\/\/tributariaaldia.cl\/index.php?rest_route=\/wp\/v2\/posts\/2010"}],"collection":[{"href":"https:\/\/tributariaaldia.cl\/index.php?rest_route=\/wp\/v2\/posts"}],"about":[{"href":"https:\/\/tributariaaldia.cl\/index.php?rest_route=\/wp\/v2\/types\/post"}],"author":[{"embeddable":true,"href":"https:\/\/tributariaaldia.cl\/index.php?rest_route=\/wp\/v2\/users\/1"}],"replies":[{"embeddable":true,"href":"https:\/\/tributariaaldia.cl\/index.php?rest_route=%2Fwp%2Fv2%2Fcomments&post=2010"}],"version-history":[{"count":2,"href":"https:\/\/tributariaaldia.cl\/index.php?rest_route=\/wp\/v2\/posts\/2010\/revisions"}],"predecessor-version":[{"id":2116,"href":"https:\/\/tributariaaldia.cl\/index.php?rest_route=\/wp\/v2\/posts\/2010\/revisions\/2116"}],"wp:featuredmedia":[{"embeddable":true,"href":"https:\/\/tributariaaldia.cl\/index.php?rest_route=\/wp\/v2\/media\/1798"}],"wp:attachment":[{"href":"https:\/\/tributariaaldia.cl\/index.php?rest_route=%2Fwp%2Fv2%2Fmedia&parent=2010"}],"wp:term":[{"taxonomy":"category","embeddable":true,"href":"https:\/\/tributariaaldia.cl\/index.php?rest_route=%2Fwp%2Fv2%2Fcategories&post=2010"},{"taxonomy":"post_tag","embeddable":true,"href":"https:\/\/tributariaaldia.cl\/index.php?rest_route=%2Fwp%2Fv2%2Ftags&post=2010"}],"curies":[{"name":"wp","href":"https:\/\/api.w.org\/{rel}","templated":true}]}}