{"id":2018,"date":"2022-12-28T16:20:00","date_gmt":"2022-12-28T19:20:00","guid":{"rendered":"https:\/\/tributariaaldia.cl\/?p=2018"},"modified":"2023-06-01T11:02:04","modified_gmt":"2023-06-01T14:02:04","slug":"direccion-del-trabajo-ordinario-2124-de-14-de-diciembre-de-2022-gestor-de-inclusion-laboral-debe-ser-trabajador-directo-de-la-empresa-no-procediendo-a-su-respecto-cumplimiento-alternativo-del-arti-2","status":"publish","type":"post","link":"https:\/\/tributariaaldia.cl\/?p=2018","title":{"rendered":"Direcci\u00f3n del Trabajo. Gestor de inclusi\u00f3n laboral debe ser trabajador directo de la empresa"},"content":{"rendered":"\n<p>Seg\u00fan el art\u00edculo 157 bis del C\u00f3digo del Trabajo, las empresas de 100 o m\u00e1s trabajadores deber\u00e1n contratar o mantener contratados, seg\u00fan corresponda, al menos el 1% de personas con discapacidad o que sean asignatarias de una pensi\u00f3n de invalidez de cualquier r\u00e9gimen previsional, en relaci\u00f3n al total de sus trabajadores. Las personas con discapacidad deber\u00e1n contar con la calificaci\u00f3n y certificaci\u00f3n se\u00f1aladas en el art\u00edculo 13 de la ley N\u00b0 20.422.<\/p>\n\n\n\n<p>A su vez, el art\u00edculo 157 ter del C\u00f3digo del Trabajo, las empresas podr\u00e1n optar por una forma alternativa de dar cumplimiento a la obligaci\u00f3n principal, contenida en el art\u00edculo 157 bis del C\u00f3digo del Trabajo, siempre y cuando cuenten con razones fundadas. Dichas modalidades de cumplimiento alternativo a la ley de inclusi\u00f3n son a) celebrar contratos de prestaci\u00f3n de servicios con empresas que tengan contratadas personas con discapacidad; b) Efectuar donaciones en dinero a proyectos o programas de asociaciones, corporaciones o fundaciones a las que se refiere el art\u00edculo 2 de la ley N\u00b0 19.885.<\/p>\n\n\n\n<p>Adicional a lo anterior, art\u00edculo 157 qu\u00e1ter del C\u00f3digo del Trabajo, establece la obligaci\u00f3n de contar con al menos un trabajador que se desempe\u00f1e en funciones relacionadas con recursos humanos, con conocimientos espec\u00edficos en materias que fomenten la inclusi\u00f3n laboral de las personas con discapacidad. Lo anterior, siempre trat\u00e1ndose de empresas que est\u00e9n obligadas a contratar personas con discapacidad. La persona de que se trate deber\u00e1 certificar dichos conocimientos a trav\u00e9s del Sistema Nacional de Certificaci\u00f3n de Competencias Laborales establecido en la Ley N\u00b0 20.267.<\/p>\n\n\n\n<p>Ahora bien, en relaci\u00f3n a este punto, la Direcci\u00f3n del Trabajo, a trav\u00e9s del Ordinario 2124, de 14 de diciembre de 2022, ha aclarado que el Gestor de inclusi\u00f3n laboral, incorporado por la Ley N\u00b0 21.275, debe ser trabajador directo de la empresa, no procediendo que dicho trabajador preste servicios en r\u00e9gimen de subcontrataci\u00f3n, o a trav\u00e9s de una empresa servicios transitorios, o que aplicare a su respecto el cumplimiento alternativo del art\u00edculo 157 ter del C\u00f3digo del Trabajo, consistente en la celebraci\u00f3n de contratos de prestaci\u00f3n de servicios con empresas que tengan contratadas personas que cuenten con los conocimientos requeridos.<\/p>\n\n\n\n<p>Para acceder al texto completo del dictamen, as\u00ed como a un an\u00e1lisis del mismo, ingresar al siguiente link;<\/p>\n\n\n\n<p><a href=\"https:\/\/www.checkpoint.cl\/maf\/app\/document?docguid=iDB5551F71C7AF1AEE9ABA378F8E99164&amp;\" target=\"_blank\" rel=\"noreferrer noopener\"><strong><em><u>Direcci\u00f3n del Trabajo. Ordinario 2124, de 14 de diciembre de 2022. Gestor de inclusi\u00f3n laboral debe ser trabajador directo de la empresa, no procediendo a su respecto cumplimiento alternativo del art\u00edculo 157 ter del C\u00f3digo del Trabajo.<\/u><\/em><\/strong><\/a><\/p>\n\n\n\n<p>Santiago, 28 de diciembre de 2022.<\/p>\n","protected":false},"excerpt":{"rendered":"<p>Seg\u00fan el art\u00edculo 157 bis del C\u00f3digo del Trabajo, las empresas de 100 o m\u00e1s trabajadores deber\u00e1n contratar o mantener contratados, seg\u00fan corresponda, al menos el 1% de personas con discapacidad o que [&hellip;]<\/p>\n","protected":false},"author":1,"featured_media":1771,"comment_status":"closed","ping_status":"closed","sticky":false,"template":"","format":"standard","meta":[],"categories":[26],"tags":[30,33],"_links":{"self":[{"href":"https:\/\/tributariaaldia.cl\/index.php?rest_route=\/wp\/v2\/posts\/2018"}],"collection":[{"href":"https:\/\/tributariaaldia.cl\/index.php?rest_route=\/wp\/v2\/posts"}],"about":[{"href":"https:\/\/tributariaaldia.cl\/index.php?rest_route=\/wp\/v2\/types\/post"}],"author":[{"embeddable":true,"href":"https:\/\/tributariaaldia.cl\/index.php?rest_route=\/wp\/v2\/users\/1"}],"replies":[{"embeddable":true,"href":"https:\/\/tributariaaldia.cl\/index.php?rest_route=%2Fwp%2Fv2%2Fcomments&post=2018"}],"version-history":[{"count":2,"href":"https:\/\/tributariaaldia.cl\/index.php?rest_route=\/wp\/v2\/posts\/2018\/revisions"}],"predecessor-version":[{"id":2118,"href":"https:\/\/tributariaaldia.cl\/index.php?rest_route=\/wp\/v2\/posts\/2018\/revisions\/2118"}],"wp:featuredmedia":[{"embeddable":true,"href":"https:\/\/tributariaaldia.cl\/index.php?rest_route=\/wp\/v2\/media\/1771"}],"wp:attachment":[{"href":"https:\/\/tributariaaldia.cl\/index.php?rest_route=%2Fwp%2Fv2%2Fmedia&parent=2018"}],"wp:term":[{"taxonomy":"category","embeddable":true,"href":"https:\/\/tributariaaldia.cl\/index.php?rest_route=%2Fwp%2Fv2%2Fcategories&post=2018"},{"taxonomy":"post_tag","embeddable":true,"href":"https:\/\/tributariaaldia.cl\/index.php?rest_route=%2Fwp%2Fv2%2Ftags&post=2018"}],"curies":[{"name":"wp","href":"https:\/\/api.w.org\/{rel}","templated":true}]}}