{"id":2134,"date":"2023-06-09T12:13:31","date_gmt":"2023-06-09T15:13:31","guid":{"rendered":"https:\/\/tributariaaldia.cl\/?p=2134"},"modified":"2023-06-09T12:13:32","modified_gmt":"2023-06-09T15:13:32","slug":"el-sii-fija-nuevo-minimo-legal-para-la-emision-de-boletas-de-ventas-y-servicios","status":"publish","type":"post","link":"https:\/\/tributariaaldia.cl\/?p=2134","title":{"rendered":"El SII fija nuevo m\u00ednimo ($) legal para la emisi\u00f3n de Boletas de Ventas y Servicios"},"content":{"rendered":"\n<p>En $ 1.- (un peso) y hasta en $ 0.- (cero) ha fijado el SII la emisi\u00f3n obligatoria de Boletas de Ventas y Servicios por operaciones afectas, como exentas y para los Comprobantes que operan como sustituto de las mismas. Esta nueva medida <strong>inicia a contar del s\u00e1bado 1.07.2023.<\/strong> Para ello, el SII derog\u00f3 la <strong>Resoluci\u00f3n Ex. SII N\u00b0 3.943<\/strong>, de 1992 que fijaba a los comerciantes en $ 180.- (ciento ochenta pesos) el m\u00ednimo legal anterior.<\/p>\n\n\n\n<p>El lector podr\u00e1 ampliar esta informaci\u00f3n a trav\u00e9s de nuestra plataforma Checkpoint Tributario, ingresando <a href=\"https:\/\/www.checkpoint.cl\/maf\/app\/document?docguid=i62A12D3B0DD49F8161239B43D8F7C8A1&amp;\" target=\"_blank\" rel=\"noreferrer noopener\">aqu\u00ed.<\/a><\/p>\n\n\n\n<p><strong>SANTIAGO<\/strong>, viernes 9 de junio de 2023.<\/p>\n","protected":false},"excerpt":{"rendered":"<p>En $ 1.- (un peso) y hasta en $ 0.- (cero) ha fijado el SII la emisi\u00f3n obligatoria de Boletas de Ventas y Servicios por operaciones afectas, como exentas y para los Comprobantes [&hellip;]<\/p>\n","protected":false},"author":1,"featured_media":1785,"comment_status":"closed","ping_status":"closed","sticky":false,"template":"","format":"standard","meta":[],"categories":[27],"tags":[41],"_links":{"self":[{"href":"https:\/\/tributariaaldia.cl\/index.php?rest_route=\/wp\/v2\/posts\/2134"}],"collection":[{"href":"https:\/\/tributariaaldia.cl\/index.php?rest_route=\/wp\/v2\/posts"}],"about":[{"href":"https:\/\/tributariaaldia.cl\/index.php?rest_route=\/wp\/v2\/types\/post"}],"author":[{"embeddable":true,"href":"https:\/\/tributariaaldia.cl\/index.php?rest_route=\/wp\/v2\/users\/1"}],"replies":[{"embeddable":true,"href":"https:\/\/tributariaaldia.cl\/index.php?rest_route=%2Fwp%2Fv2%2Fcomments&post=2134"}],"version-history":[{"count":1,"href":"https:\/\/tributariaaldia.cl\/index.php?rest_route=\/wp\/v2\/posts\/2134\/revisions"}],"predecessor-version":[{"id":2136,"href":"https:\/\/tributariaaldia.cl\/index.php?rest_route=\/wp\/v2\/posts\/2134\/revisions\/2136"}],"wp:featuredmedia":[{"embeddable":true,"href":"https:\/\/tributariaaldia.cl\/index.php?rest_route=\/wp\/v2\/media\/1785"}],"wp:attachment":[{"href":"https:\/\/tributariaaldia.cl\/index.php?rest_route=%2Fwp%2Fv2%2Fmedia&parent=2134"}],"wp:term":[{"taxonomy":"category","embeddable":true,"href":"https:\/\/tributariaaldia.cl\/index.php?rest_route=%2Fwp%2Fv2%2Fcategories&post=2134"},{"taxonomy":"post_tag","embeddable":true,"href":"https:\/\/tributariaaldia.cl\/index.php?rest_route=%2Fwp%2Fv2%2Ftags&post=2134"}],"curies":[{"name":"wp","href":"https:\/\/api.w.org\/{rel}","templated":true}]}}