{"id":2254,"date":"2023-11-27T11:02:03","date_gmt":"2023-11-27T14:02:03","guid":{"rendered":"https:\/\/tributariaaldia.cl\/?p=2254"},"modified":"2023-11-27T11:02:40","modified_gmt":"2023-11-27T14:02:40","slug":"direccion-del-trabajo-ordinario-n-1378-de-10-de-noviembre-de-2023-gestor-de-inclusion-laboral-debe-ser-trabajador-directo-de-la-empresa-obligada","status":"publish","type":"post","link":"https:\/\/tributariaaldia.cl\/?p=2254","title":{"rendered":"Direcci\u00f3n del Trabajo, Ordinario N\u00b0 1378, de 10 de noviembre de 2023. Gestor de inclusi\u00f3n laboral debe ser trabajador directo de la empresa obligada"},"content":{"rendered":"\n<p>De acuerdo a la Direcci\u00f3n del Trabajo, en ordinario N\u00b0 1378, de 10 de noviembre de 2023, el gestor de inclusi\u00f3n laboral, a que alude el art\u00edculo 157 qu\u00e1ter del C\u00f3digo del Trabajo, debe ser trabajador directo de la empresa obligada, sin que sea factible que una empresa cuente con experto en gesti\u00f3n de inclusi\u00f3n laboral externo a la misma. As\u00ed, en conclusi\u00f3n de la Direcci\u00f3n del Trabajo; \u201cno es posible dar cumplimiento a la obligaci\u00f3n establecida en el art\u00edculo 157 qu\u00e1ter del C\u00f3digo del Trabajo mediante la celebraci\u00f3n de un contrato de prestaci\u00f3n de servicios con empresas que cuenten con personal con los conocimientos espec\u00edficos requeridos, toda vez que el Gestor de Inclusi\u00f3n Laboral que se desempe\u00f1e en funciones relacionadas con recursos humanos deber\u00e1 tener la calidad de trabajador de la empresa obligada directamente.\u201d (Direcci\u00f3n del Trabajo, Ordinario N\u00b0 1378, de 10 de noviembre de 2023).<\/p>\n\n\n\n<p>Ver texto completo en <strong><a href=\"https:\/\/www.checkpoint.cl\/maf\/app\/document?docguid=i2A27CE500F01FF80BE265F32BC870E2D&amp;\" target=\"_blank\" rel=\"noreferrer noopener\">\u201cDirecci\u00f3n del Trabajo, Ordinario N\u00b0 1378, de 10 de noviembre de 2023. Gestor de inclusi\u00f3n laboral debe ser trabajador directo de la empresa obligada.\u201d<\/a><\/strong><\/p>\n\n\n\n<p>Santiago, 22 de noviembre de 2023.<\/p>\n","protected":false},"excerpt":{"rendered":"<p>De acuerdo a la Direcci\u00f3n del Trabajo, en ordinario N\u00b0 1378, de 10 de noviembre de 2023, el gestor de inclusi\u00f3n laboral, a que alude el art\u00edculo 157 qu\u00e1ter del C\u00f3digo del Trabajo, [&hellip;]<\/p>\n","protected":false},"author":1,"featured_media":1817,"comment_status":"closed","ping_status":"closed","sticky":false,"template":"","format":"standard","meta":[],"categories":[26],"tags":[33],"_links":{"self":[{"href":"https:\/\/tributariaaldia.cl\/index.php?rest_route=\/wp\/v2\/posts\/2254"}],"collection":[{"href":"https:\/\/tributariaaldia.cl\/index.php?rest_route=\/wp\/v2\/posts"}],"about":[{"href":"https:\/\/tributariaaldia.cl\/index.php?rest_route=\/wp\/v2\/types\/post"}],"author":[{"embeddable":true,"href":"https:\/\/tributariaaldia.cl\/index.php?rest_route=\/wp\/v2\/users\/1"}],"replies":[{"embeddable":true,"href":"https:\/\/tributariaaldia.cl\/index.php?rest_route=%2Fwp%2Fv2%2Fcomments&post=2254"}],"version-history":[{"count":1,"href":"https:\/\/tributariaaldia.cl\/index.php?rest_route=\/wp\/v2\/posts\/2254\/revisions"}],"predecessor-version":[{"id":2255,"href":"https:\/\/tributariaaldia.cl\/index.php?rest_route=\/wp\/v2\/posts\/2254\/revisions\/2255"}],"wp:featuredmedia":[{"embeddable":true,"href":"https:\/\/tributariaaldia.cl\/index.php?rest_route=\/wp\/v2\/media\/1817"}],"wp:attachment":[{"href":"https:\/\/tributariaaldia.cl\/index.php?rest_route=%2Fwp%2Fv2%2Fmedia&parent=2254"}],"wp:term":[{"taxonomy":"category","embeddable":true,"href":"https:\/\/tributariaaldia.cl\/index.php?rest_route=%2Fwp%2Fv2%2Fcategories&post=2254"},{"taxonomy":"post_tag","embeddable":true,"href":"https:\/\/tributariaaldia.cl\/index.php?rest_route=%2Fwp%2Fv2%2Ftags&post=2254"}],"curies":[{"name":"wp","href":"https:\/\/api.w.org\/{rel}","templated":true}]}}