{"id":2269,"date":"2024-01-24T10:35:02","date_gmt":"2024-01-24T13:35:02","guid":{"rendered":"https:\/\/tributariaaldia.cl\/?p=2269"},"modified":"2024-01-24T10:35:03","modified_gmt":"2024-01-24T13:35:03","slug":"se-publica-ley-n-21-643-que-modifica-el-codigo-del-trabajo-y-otros-cuerpos-legales-en-materia-de-prevencion-investigacion-y-sancion-del-acoso-laboral-sexual-o-de-violencia-en-el-tra","status":"publish","type":"post","link":"https:\/\/tributariaaldia.cl\/?p=2269","title":{"rendered":"Se publica Ley N\u00b0 21.643, que \u201cModifica el C\u00f3digo del Trabajo y otros cuerpos legales, en materia de prevenci\u00f3n, investigaci\u00f3n y sanci\u00f3n del acoso laboral, sexual o de violencia en el trabajo\u201d."},"content":{"rendered":"\n<p>Con fecha 15 de enero de 2024, se publica Ley N\u00b0 21.643, que \u201cModifica el C\u00f3digo del Trabajo y otros cuerpos legales, en materia de prevenci\u00f3n, investigaci\u00f3n y sanci\u00f3n del acoso laboral, sexual o de violencia en el trabajo\u201d. <strong><em><u>Dicho cuerpo legal, cuenta con vigencia diferida al 1 de agosto de 2024.<\/u><\/em><\/strong><\/p>\n\n\n\n<p>La Ley N\u00b0 21.643, modifica a su vez la ley N\u00b0 18.575, Org\u00e1nica Constitucional de Bases Generales de la Administraci\u00f3n del Estado, cuyo texto refundido, coordinado y sistematizado fue fijado por el Decreto con Fuerza de Ley N\u00b0 1-19.653, de 2000, del Ministerio Secretar\u00eda General de la Presidencia y la Ley N\u00b0 18.834, sobre Estatuto Administrativo, cuyo texto refundido, coordinado y sistematizado fue fijado por el Decreto con Fuerza de Ley N\u00b0 29, de 2004, del Ministerio de Hacienda.<\/p>\n\n\n\n<p>En relaci\u00f3n a las modificaciones del C\u00f3digo del Trabajo, \u00e9stas se pueden agrupar en tres partes. La primera modificaci\u00f3n dice relaci\u00f3n con el art\u00edculo 2\u00b0 del C\u00f3digo del Trabajo, en cuanto a la definici\u00f3n de acoso laboral, sexual y violencia en el trabajo. En segundo lugar, se modifica el art\u00edculo 154 del C\u00f3digo del Trabajo y se agrega un nuevo art\u00edculo 154 bis, para incorporar la figura del protocolo de prevenci\u00f3n respecto del acoso sexual, laboral y la violencia en el trabajo. En tercer lugar, se modifica el p\u00e1rrafo I, del T\u00edtulo IV del Libro II del C\u00f3digo del Trabajo, y se agrega un p\u00e1rrafo 2\u00b0 a dicho t\u00edtulo, modific\u00e1ndose con ello los art\u00edculos 211-A a 211-E del C\u00f3digo del Trabajo. &nbsp;<\/p>\n\n\n\n<p><strong><em><u><a href=\"https:\/\/www.checkpoint.cl\/maf\/app\/document?&amp;docguid=i9DBFB34C552D275D775E0D8CA4345186&amp;hitguid=i9DBFB34C552D275D775E0D8CA4345186&amp;spos=3&amp;epos=3&amp;td=3596&amp;ao=o.i0ADFAB86AF526A5181AF66CF7452B055&amp;searchFrom=&amp;savedSearch=false\" target=\"_blank\" rel=\"noreferrer noopener\">Ver Ley N\u00b0 21.643, que \u201cModifica el C\u00f3digo del Trabajo y otros cuerpos legales, en materia de prevenci\u00f3n, investigaci\u00f3n y sanci\u00f3n del acoso laboral, sexual o de violencia en el trabajo\u201d<\/a><\/u><\/em><\/strong><\/p>\n\n\n\n<p>Santiago, 22 de enero de 2024.<\/p>\n","protected":false},"excerpt":{"rendered":"<p>Con fecha 15 de enero de 2024, se publica Ley N\u00b0 21.643, que \u201cModifica el C\u00f3digo del Trabajo y otros cuerpos legales, en materia de prevenci\u00f3n, investigaci\u00f3n y sanci\u00f3n del acoso laboral, sexual [&hellip;]<\/p>\n","protected":false},"author":1,"featured_media":2206,"comment_status":"closed","ping_status":"closed","sticky":false,"template":"","format":"standard","meta":[],"categories":[26],"tags":[71],"_links":{"self":[{"href":"https:\/\/tributariaaldia.cl\/index.php?rest_route=\/wp\/v2\/posts\/2269"}],"collection":[{"href":"https:\/\/tributariaaldia.cl\/index.php?rest_route=\/wp\/v2\/posts"}],"about":[{"href":"https:\/\/tributariaaldia.cl\/index.php?rest_route=\/wp\/v2\/types\/post"}],"author":[{"embeddable":true,"href":"https:\/\/tributariaaldia.cl\/index.php?rest_route=\/wp\/v2\/users\/1"}],"replies":[{"embeddable":true,"href":"https:\/\/tributariaaldia.cl\/index.php?rest_route=%2Fwp%2Fv2%2Fcomments&post=2269"}],"version-history":[{"count":1,"href":"https:\/\/tributariaaldia.cl\/index.php?rest_route=\/wp\/v2\/posts\/2269\/revisions"}],"predecessor-version":[{"id":2270,"href":"https:\/\/tributariaaldia.cl\/index.php?rest_route=\/wp\/v2\/posts\/2269\/revisions\/2270"}],"wp:featuredmedia":[{"embeddable":true,"href":"https:\/\/tributariaaldia.cl\/index.php?rest_route=\/wp\/v2\/media\/2206"}],"wp:attachment":[{"href":"https:\/\/tributariaaldia.cl\/index.php?rest_route=%2Fwp%2Fv2%2Fmedia&parent=2269"}],"wp:term":[{"taxonomy":"category","embeddable":true,"href":"https:\/\/tributariaaldia.cl\/index.php?rest_route=%2Fwp%2Fv2%2Fcategories&post=2269"},{"taxonomy":"post_tag","embeddable":true,"href":"https:\/\/tributariaaldia.cl\/index.php?rest_route=%2Fwp%2Fv2%2Ftags&post=2269"}],"curies":[{"name":"wp","href":"https:\/\/api.w.org\/{rel}","templated":true}]}}