{"id":2457,"date":"2024-09-25T18:36:03","date_gmt":"2024-09-25T21:36:03","guid":{"rendered":"https:\/\/tributariaaldia.cl\/?p=2457"},"modified":"2024-09-25T18:36:04","modified_gmt":"2024-09-25T21:36:04","slug":"circular-n-5-de-la-direccion-del-trabajo-de-12-07-2024-imparte-instrucciones-especificas-sobre-fiscalizacion-ordinaria-de-materias-relacionadas-con-denuncias-ley-21-643-ley-karin","status":"publish","type":"post","link":"https:\/\/tributariaaldia.cl\/?p=2457","title":{"rendered":"Circular N\u00b0 5, de la Direcci\u00f3n del Trabajo, de 12\/07\/2024. Imparte instrucciones espec\u00edficas sobre fiscalizaci\u00f3n ordinaria de materias relacionadas con denuncias Ley 21.643 (Ley Karin)"},"content":{"rendered":"\n<p>La Circular N\u00b0 5, de la Direcci\u00f3n del Trabajo, de 12\/07\/2024, que \u201cImparte instrucciones espec\u00edficas sobre fiscalizaci\u00f3n ordinaria de materias relacionadas con denuncias Ley 21.643 (Ley Karin).\u201d, regula el tratamiento de las denuncias efectuadas por trabajadores en r\u00e9gimen de subcontrataci\u00f3n y respecto de empresas de servicios transitorios.<\/p>\n\n\n\n<p>A su vez, regula el tratamiento de las denuncias por acoso laboral, sexual y violencia en el trabajo una vez terminada la relaci\u00f3n laboral, respecto de la cual si bien no se dar\u00e1 curso a la denuncia, s\u00ed se fiscalizar\u00e1 el cumplimiento del empleador de la materias asociadas a Ley Karin. En efecto, las materias a fiscalizar consistir\u00edan en a) Reglamento Interno de Orden Higiene y Seguridad; b) Obligaci\u00f3n de Informar; c) Identificaci\u00f3n de Peligros y Evaluaci\u00f3n de Riesgos; Implementaci\u00f3n del Protocolo de Vigilancia de Riesgos Psicosociales; Protocolo de prevenci\u00f3n de Acoso Laboral, Sexual y Violencia en el Trabajo.<\/p>\n\n\n\n<p><strong><a href=\"https:\/\/www.checkpoint.cl\/maf\/app\/document?&amp;docguid=iC449561BB25B4CCD0E01A3A587D89E5B&amp;hitguid=iC449561BB25B4CCD0E01A3A587D89E5B&amp;spos=1&amp;epos=1&amp;td=1&amp;ao=o.i0ADFAB86AF526A5181AF66CF7452B055&amp;searchFrom=&amp;savedSearch=false\" target=\"_blank\" rel=\"noreferrer noopener\">Ver texto completo Circular N\u00b0 5, de la Direcci\u00f3n del Trabajo, de 12 de julio de 2024.<\/a><\/strong><\/p>\n\n\n\n<p>Santiago, 9 de septiembre de 2024.<\/p>\n","protected":false},"excerpt":{"rendered":"<p>La Circular N\u00b0 5, de la Direcci\u00f3n del Trabajo, de 12\/07\/2024, que \u201cImparte instrucciones espec\u00edficas sobre fiscalizaci\u00f3n ordinaria de materias relacionadas con denuncias Ley 21.643 (Ley Karin).\u201d, regula el tratamiento de las denuncias [&hellip;]<\/p>\n","protected":false},"author":1,"featured_media":2372,"comment_status":"closed","ping_status":"closed","sticky":false,"template":"","format":"standard","meta":[],"categories":[26],"tags":[86,84,83,85],"_links":{"self":[{"href":"https:\/\/tributariaaldia.cl\/index.php?rest_route=\/wp\/v2\/posts\/2457"}],"collection":[{"href":"https:\/\/tributariaaldia.cl\/index.php?rest_route=\/wp\/v2\/posts"}],"about":[{"href":"https:\/\/tributariaaldia.cl\/index.php?rest_route=\/wp\/v2\/types\/post"}],"author":[{"embeddable":true,"href":"https:\/\/tributariaaldia.cl\/index.php?rest_route=\/wp\/v2\/users\/1"}],"replies":[{"embeddable":true,"href":"https:\/\/tributariaaldia.cl\/index.php?rest_route=%2Fwp%2Fv2%2Fcomments&post=2457"}],"version-history":[{"count":1,"href":"https:\/\/tributariaaldia.cl\/index.php?rest_route=\/wp\/v2\/posts\/2457\/revisions"}],"predecessor-version":[{"id":2458,"href":"https:\/\/tributariaaldia.cl\/index.php?rest_route=\/wp\/v2\/posts\/2457\/revisions\/2458"}],"wp:featuredmedia":[{"embeddable":true,"href":"https:\/\/tributariaaldia.cl\/index.php?rest_route=\/wp\/v2\/media\/2372"}],"wp:attachment":[{"href":"https:\/\/tributariaaldia.cl\/index.php?rest_route=%2Fwp%2Fv2%2Fmedia&parent=2457"}],"wp:term":[{"taxonomy":"category","embeddable":true,"href":"https:\/\/tributariaaldia.cl\/index.php?rest_route=%2Fwp%2Fv2%2Fcategories&post=2457"},{"taxonomy":"post_tag","embeddable":true,"href":"https:\/\/tributariaaldia.cl\/index.php?rest_route=%2Fwp%2Fv2%2Ftags&post=2457"}],"curies":[{"name":"wp","href":"https:\/\/api.w.org\/{rel}","templated":true}]}}