{"id":2459,"date":"2024-09-25T18:38:48","date_gmt":"2024-09-25T21:38:48","guid":{"rendered":"https:\/\/tributariaaldia.cl\/?p=2459"},"modified":"2024-09-25T18:38:49","modified_gmt":"2024-09-25T21:38:49","slug":"ordinario-n-546-de-12-de-agosto-de-2024-de-la-direccion-del-trabajo-aclara-dudas-sobre-herramientas-de-supervision-laboral-en-particular-respecto-de-medios-automatizados-sin-intervencion-hu","status":"publish","type":"post","link":"https:\/\/tributariaaldia.cl\/?p=2459","title":{"rendered":"Ordinario N\u00b0 546, de 12 de agosto de 2024, de la Direcci\u00f3n del Trabajo. Aclara dudas sobre herramientas de supervisi\u00f3n laboral, en particular, respecto de medios automatizados sin intervenci\u00f3n humana"},"content":{"rendered":"\n<p>La Direcci\u00f3n del Trabajo emite el Ordinario N\u00b0 546, de 12 de agosto de 2024, en que aclara diversas dudas sobre herramientas de supervisi\u00f3n laboral, en particular, respecto de medios automatizados sin intervenci\u00f3n humana. En particular, aclara lo expresado al respecto el Dictamen N\u00b084\/04 de 06.02.2024, de la Direcci\u00f3n del Trabajo.<\/p>\n\n\n\n<p><a href=\"https:\/\/www.checkpoint.cl\/maf\/app\/document?tocguid=i0AAD0E96112617ED81113EF4934EF0BE&amp;searchFrom=advance&amp;docguid=i4AD08C9418DFFEB766568D5FEFB7A49F\" data-type=\"URL\" data-id=\"https:\/\/www.checkpoint.cl\/maf\/app\/document?tocguid=i0AAD0E96112617ED81113EF4934EF0BE&amp;searchFrom=advance&amp;docguid=i4AD08C9418DFFEB766568D5FEFB7A49F\"><strong>Ver Ordinario N\u00b0 546, de 12 de agosto de 2024, de la Direcci\u00f3n del Trabajo.\u00a0<\/strong><\/a><\/p>\n\n\n\n<p>Santiago, 9 de septiembre de 2024.<\/p>\n","protected":false},"excerpt":{"rendered":"<p>La Direcci\u00f3n del Trabajo emite el Ordinario N\u00b0 546, de 12 de agosto de 2024, en que aclara diversas dudas sobre herramientas de supervisi\u00f3n laboral, en particular, respecto de medios automatizados sin intervenci\u00f3n [&hellip;]<\/p>\n","protected":false},"author":1,"featured_media":2399,"comment_status":"closed","ping_status":"closed","sticky":false,"template":"","format":"standard","meta":[],"categories":[26],"tags":[51],"_links":{"self":[{"href":"https:\/\/tributariaaldia.cl\/index.php?rest_route=\/wp\/v2\/posts\/2459"}],"collection":[{"href":"https:\/\/tributariaaldia.cl\/index.php?rest_route=\/wp\/v2\/posts"}],"about":[{"href":"https:\/\/tributariaaldia.cl\/index.php?rest_route=\/wp\/v2\/types\/post"}],"author":[{"embeddable":true,"href":"https:\/\/tributariaaldia.cl\/index.php?rest_route=\/wp\/v2\/users\/1"}],"replies":[{"embeddable":true,"href":"https:\/\/tributariaaldia.cl\/index.php?rest_route=%2Fwp%2Fv2%2Fcomments&post=2459"}],"version-history":[{"count":1,"href":"https:\/\/tributariaaldia.cl\/index.php?rest_route=\/wp\/v2\/posts\/2459\/revisions"}],"predecessor-version":[{"id":2460,"href":"https:\/\/tributariaaldia.cl\/index.php?rest_route=\/wp\/v2\/posts\/2459\/revisions\/2460"}],"wp:featuredmedia":[{"embeddable":true,"href":"https:\/\/tributariaaldia.cl\/index.php?rest_route=\/wp\/v2\/media\/2399"}],"wp:attachment":[{"href":"https:\/\/tributariaaldia.cl\/index.php?rest_route=%2Fwp%2Fv2%2Fmedia&parent=2459"}],"wp:term":[{"taxonomy":"category","embeddable":true,"href":"https:\/\/tributariaaldia.cl\/index.php?rest_route=%2Fwp%2Fv2%2Fcategories&post=2459"},{"taxonomy":"post_tag","embeddable":true,"href":"https:\/\/tributariaaldia.cl\/index.php?rest_route=%2Fwp%2Fv2%2Ftags&post=2459"}],"curies":[{"name":"wp","href":"https:\/\/api.w.org\/{rel}","templated":true}]}}